{"id":5792,"date":"2023-03-24T14:10:39","date_gmt":"2023-03-24T13:10:39","guid":{"rendered":"https:\/\/mubadarat-uicn.org\/?p=5792"},"modified":"2023-03-30T16:38:20","modified_gmt":"2023-03-30T14:38:20","slug":"collaboration-for-climate-change-resilience","status":"publish","type":"post","link":"https:\/\/mubadarat-uicn.org\/en\/collaboration-for-climate-change-resilience\/","title":{"rendered":"Collaboration for climate change resilience"},"content":{"rendered":"<p>As part of its C6 agroforestry project, the Association <em>les Amis du Capte Tunisie<\/em> (LACT) is working with farmers in the natural area known as the lakes of Bizerte, and the northern area of the Kef province. The association has been very active the past few months setting up agrosystems by planting carob trees, an emblematic tree in the Mediterranean known for its benefits for soil stability, its quality as fodder, and its adaptation to the effects of climate change. The tree plantings were interspersed with the planting of a leguminous-grass forage mix that protects and improves soil qualities without chemicals.\u00a0 The carob plants were also used to reforest a burnt-out part of the Om Roubia forest in the region of Kef. \u00a0\u00a0<img decoding=\"async\" class=\"lazyload  wp-image-5692 aligncenter\" src=\"https:\/\/mubadarat-uicn.org\/wp-content\/uploads\/2023\/03\/Fete-de-larbre-a-lESA-Mateur.jpg\" data-orig-src=\"https:\/\/mubadarat-uicn.org\/wp-content\/uploads\/2023\/03\/Fete-de-larbre-a-lESA-Mateur.jpg\" alt=\"\" width=\"1086\" height=\"765\" srcset=\"data:image\/svg+xml,%3Csvg%20xmlns%3D%27http%3A%2F%2Fwww.w3.org%2F2000%2Fsvg%27%20width%3D%271086%27%20height%3D%27765%27%20viewBox%3D%270%200%201086%20765%27%3E%3Crect%20width%3D%271086%27%20height%3D%27765%27%20fill-opacity%3D%220%22%2F%3E%3C%2Fsvg%3E\" data-srcset=\"https:\/\/mubadarat-uicn.org\/wp-content\/uploads\/2023\/03\/Fete-de-larbre-a-lESA-Mateur-200x141.jpg 200w, https:\/\/mubadarat-uicn.org\/wp-content\/uploads\/2023\/03\/Fete-de-larbre-a-lESA-Mateur-300x211.jpg 300w, https:\/\/mubadarat-uicn.org\/wp-content\/uploads\/2023\/03\/Fete-de-larbre-a-lESA-Mateur-400x282.jpg 400w, https:\/\/mubadarat-uicn.org\/wp-content\/uploads\/2023\/03\/Fete-de-larbre-a-lESA-Mateur-600x423.jpg 600w, https:\/\/mubadarat-uicn.org\/wp-content\/uploads\/2023\/03\/Fete-de-larbre-a-lESA-Mateur-768x541.jpg 768w, https:\/\/mubadarat-uicn.org\/wp-content\/uploads\/2023\/03\/Fete-de-larbre-a-lESA-Mateur-800x564.jpg 800w, https:\/\/mubadarat-uicn.org\/wp-content\/uploads\/2023\/03\/Fete-de-larbre-a-lESA-Mateur-1024x722.jpg 1024w, https:\/\/mubadarat-uicn.org\/wp-content\/uploads\/2023\/03\/Fete-de-larbre-a-lESA-Mateur-1200x846.jpg 1200w, https:\/\/mubadarat-uicn.org\/wp-content\/uploads\/2023\/03\/Fete-de-larbre-a-lESA-Mateur.jpg 1280w\" data-sizes=\"auto\" data-orig-sizes=\"(max-width: 1086px) 100vw, 1086px\" \/><\/p>\n<p style=\"text-align: center;\">@Les Amis du Capte<\/p>\n<p>The association, which is fully aware of the benefits that such plantations can provide in improving the resilience of agricultural ecosystems in semi-arid environments, has extended its network by collaborating with other associations benefiting from IUCN-Med&#8217;s TransCap and PPI OSCAN programmes. Recently, its members went to the south of the country to Medenine to help the association Adesm, a TransCap2 beneficiary, to address the problem of water and soil conservation in the rural and arid area of Hezma. The trees that were planted should provide food and habitat for livestock, and store water and carbon.<\/p>\n<p>The <em>Amis du Capte<\/em> also proposes to develop a participatory research initiative in the future based on their pilot orchards and nurseries. Different research structures will study the selection of rootstocks which are adapted to drought and higher levels of salinity, in order to define an appropriate biological control and fertilisation plan. To achieve this, various awareness-raising activities on agroforestry have been organised with students from the agricultural universities of Mateur and Kef.<\/p>\n<p>This collaboration and sharing of knowledge between associations from different programmes is one of the four main objectives of the Mubadarat strategy for supporting civil society implemented by the IUCN Centre for Mediterranean Cooperation. These approaches strengthen the civil society dynamic in North Africa and catalyse the implementation of concrete biodiversity conservation measures at the grassroots level. To find out more about the objectives of Mubadarat: <a href=\"https:\/\/mubadarat-uicn.org\/en\/\">MUBADARAT \u2013 Appui \u00e0 la Soci\u00e9t\u00e9 Civile Nord-Africaine (mubadarat-uicn.org)<\/a><\/p>\n<p><img decoding=\"async\" class=\"lazyload size-full wp-image-5690 aligncenter\" src=\"https:\/\/mubadarat-uicn.org\/wp-content\/uploads\/2023\/03\/LACT-ADES.jpg\" data-orig-src=\"https:\/\/mubadarat-uicn.org\/wp-content\/uploads\/2023\/03\/LACT-ADES.jpg\" alt=\"\" width=\"1600\" height=\"1066\" srcset=\"data:image\/svg+xml,%3Csvg%20xmlns%3D%27http%3A%2F%2Fwww.w3.org%2F2000%2Fsvg%27%20width%3D%271600%27%20height%3D%271066%27%20viewBox%3D%270%200%201600%201066%27%3E%3Crect%20width%3D%271600%27%20height%3D%271066%27%20fill-opacity%3D%220%22%2F%3E%3C%2Fsvg%3E\" data-srcset=\"https:\/\/mubadarat-uicn.org\/wp-content\/uploads\/2023\/03\/LACT-ADES-200x133.jpg 200w, https:\/\/mubadarat-uicn.org\/wp-content\/uploads\/2023\/03\/LACT-ADES-300x200.jpg 300w, https:\/\/mubadarat-uicn.org\/wp-content\/uploads\/2023\/03\/LACT-ADES-400x267.jpg 400w, https:\/\/mubadarat-uicn.org\/wp-content\/uploads\/2023\/03\/LACT-ADES-600x400.jpg 600w, https:\/\/mubadarat-uicn.org\/wp-content\/uploads\/2023\/03\/LACT-ADES-768x512.jpg 768w, https:\/\/mubadarat-uicn.org\/wp-content\/uploads\/2023\/03\/LACT-ADES-800x533.jpg 800w, https:\/\/mubadarat-uicn.org\/wp-content\/uploads\/2023\/03\/LACT-ADES-1024x682.jpg 1024w, https:\/\/mubadarat-uicn.org\/wp-content\/uploads\/2023\/03\/LACT-ADES-1200x800.jpg 1200w, https:\/\/mubadarat-uicn.org\/wp-content\/uploads\/2023\/03\/LACT-ADES-1536x1023.jpg 1536w, https:\/\/mubadarat-uicn.org\/wp-content\/uploads\/2023\/03\/LACT-ADES.jpg 1600w\" data-sizes=\"auto\" data-orig-sizes=\"(max-width: 1600px) 100vw, 1600px\" \/><\/p>\n<p style=\"text-align: center;\">@Adesm<\/p>\n<p>Contact:\u00a0lesamisdecaptetunisie@gmail.com<\/p>\n","protected":false},"excerpt":{"rendered":"<p>As part of its C6 agroforestry project, the Association les [&hellip;]<\/p>\n","protected":false},"author":1,"featured_media":5708,"comment_status":"open","ping_status":"open","sticky":false,"template":"","format":"standard","meta":{"_monsterinsights_skip_tracking":false,"_monsterinsights_sitenote_active":false,"_monsterinsights_sitenote_note":"","_monsterinsights_sitenote_category":0,"_jetpack_memberships_contains_paid_content":false,"footnotes":""},"categories":[26],"tags":[],"class_list":["post-5792","post","type-post","status-publish","format-standard","has-post-thumbnail","hentry","category-actualites-en"],"yoast_head":"<!-- This site is optimized with the Yoast SEO plugin v22.0 - https:\/\/yoast.com\/wordpress\/plugins\/seo\/ -->\n<title>Collaboration for climate change resilience - MUBADARAT<\/title>\n<meta name=\"robots\" content=\"index, follow, max-snippet:-1, max-image-preview:large, max-video-preview:-1\" \/>\n<link rel=\"canonical\" href=\"https:\/\/mubadarat-uicn.org\/en\/collaboration-for-climate-change-resilience\/\" \/>\n<meta property=\"og:locale\" content=\"en_US\" \/>\n<meta property=\"og:type\" content=\"article\" \/>\n<meta property=\"og:title\" content=\"Collaboration for climate change resilience - MUBADARAT\" \/>\n<meta property=\"og:description\" content=\"As part of its C6 agroforestry project, the Association les [&hellip;]\" \/>\n<meta property=\"og:url\" content=\"https:\/\/mubadarat-uicn.org\/en\/collaboration-for-climate-change-resilience\/\" \/>\n<meta property=\"og:site_name\" content=\"MUBADARAT\" \/>\n<meta property=\"article:published_time\" content=\"2023-03-24T13:10:39+00:00\" \/>\n<meta property=\"article:modified_time\" content=\"2023-03-30T14:38:20+00:00\" \/>\n<meta property=\"og:image\" content=\"https:\/\/mubadarat-uicn.org\/wp-content\/uploads\/2023\/03\/pepiniere-2-TUN307-scaled.jpg\" \/>\n\t<meta property=\"og:image:width\" content=\"2560\" \/>\n\t<meta property=\"og:image:height\" content=\"1707\" \/>\n\t<meta property=\"og:image:type\" content=\"image\/jpeg\" \/>\n<meta name=\"author\" content=\"MUBADARAT \u00ae\" \/>\n<meta name=\"twitter:card\" content=\"summary_large_image\" \/>\n<meta name=\"twitter:label1\" content=\"Written by\" \/>\n\t<meta name=\"twitter:data1\" content=\"MUBADARAT \u00ae\" \/>\n\t<meta name=\"twitter:label2\" content=\"Est. reading time\" \/>\n\t<meta name=\"twitter:data2\" content=\"2 minutes\" \/>\n<script type=\"application\/ld+json\" class=\"yoast-schema-graph\">{\"@context\":\"https:\/\/schema.org\",\"@graph\":[{\"@type\":\"WebPage\",\"@id\":\"https:\/\/mubadarat-uicn.org\/en\/collaboration-for-climate-change-resilience\/\",\"url\":\"https:\/\/mubadarat-uicn.org\/en\/collaboration-for-climate-change-resilience\/\",\"name\":\"Collaboration for climate change resilience - MUBADARAT\",\"isPartOf\":{\"@id\":\"https:\/\/mubadarat-uicn.org\/en\/#website\"},\"datePublished\":\"2023-03-24T13:10:39+00:00\",\"dateModified\":\"2023-03-30T14:38:20+00:00\",\"author\":{\"@id\":\"https:\/\/mubadarat-uicn.org\/en\/#\/schema\/person\/a6697140a66d30248c9fd809393b5d9c\"},\"breadcrumb\":{\"@id\":\"https:\/\/mubadarat-uicn.org\/en\/collaboration-for-climate-change-resilience\/#breadcrumb\"},\"inLanguage\":\"en-US\",\"potentialAction\":[{\"@type\":\"ReadAction\",\"target\":[\"https:\/\/mubadarat-uicn.org\/en\/collaboration-for-climate-change-resilience\/\"]}]},{\"@type\":\"BreadcrumbList\",\"@id\":\"https:\/\/mubadarat-uicn.org\/en\/collaboration-for-climate-change-resilience\/#breadcrumb\",\"itemListElement\":[{\"@type\":\"ListItem\",\"position\":1,\"name\":\"Accueil\",\"item\":\"https:\/\/mubadarat-uicn.org\/en\/\"},{\"@type\":\"ListItem\",\"position\":2,\"name\":\"Collaboration for climate change resilience\"}]},{\"@type\":\"WebSite\",\"@id\":\"https:\/\/mubadarat-uicn.org\/en\/#website\",\"url\":\"https:\/\/mubadarat-uicn.org\/en\/\",\"name\":\"MUBADARAT\",\"description\":\"Appui \u00e0 la Soci\u00e9t\u00e9 Civile Nord-Africaine\",\"potentialAction\":[{\"@type\":\"SearchAction\",\"target\":{\"@type\":\"EntryPoint\",\"urlTemplate\":\"https:\/\/mubadarat-uicn.org\/en\/?s={search_term_string}\"},\"query-input\":\"required name=search_term_string\"}],\"inLanguage\":\"en-US\"},{\"@type\":\"Person\",\"@id\":\"https:\/\/mubadarat-uicn.org\/en\/#\/schema\/person\/a6697140a66d30248c9fd809393b5d9c\",\"name\":\"MUBADARAT \u00ae\",\"image\":{\"@type\":\"ImageObject\",\"inLanguage\":\"en-US\",\"@id\":\"https:\/\/mubadarat-uicn.org\/en\/#\/schema\/person\/image\/\",\"url\":\"https:\/\/secure.gravatar.com\/avatar\/2cf87745b203ea140f2d86442c785ee3215de75d8e78c3c23d85a62976795a8e?s=96&d=mm&r=g\",\"contentUrl\":\"https:\/\/secure.gravatar.com\/avatar\/2cf87745b203ea140f2d86442c785ee3215de75d8e78c3c23d85a62976795a8e?s=96&d=mm&r=g\",\"caption\":\"MUBADARAT \u00ae\"},\"sameAs\":[\"http:\/\/dikyqeg.cluster031.hosting.ovh.net\"],\"url\":\"https:\/\/mubadarat-uicn.org\/en\/author\/admin9849\/\"}]}<\/script>\n<!-- \/ Yoast SEO plugin. -->","yoast_head_json":{"title":"Collaboration for climate change resilience - MUBADARAT","robots":{"index":"index","follow":"follow","max-snippet":"max-snippet:-1","max-image-preview":"max-image-preview:large","max-video-preview":"max-video-preview:-1"},"canonical":"https:\/\/mubadarat-uicn.org\/en\/collaboration-for-climate-change-resilience\/","og_locale":"en_US","og_type":"article","og_title":"Collaboration for climate change resilience - MUBADARAT","og_description":"As part of its C6 agroforestry project, the Association les [&hellip;]","og_url":"https:\/\/mubadarat-uicn.org\/en\/collaboration-for-climate-change-resilience\/","og_site_name":"MUBADARAT","article_published_time":"2023-03-24T13:10:39+00:00","article_modified_time":"2023-03-30T14:38:20+00:00","og_image":[{"width":2560,"height":1707,"url":"https:\/\/mubadarat-uicn.org\/wp-content\/uploads\/2023\/03\/pepiniere-2-TUN307-scaled.jpg","type":"image\/jpeg"}],"author":"MUBADARAT \u00ae","twitter_card":"summary_large_image","twitter_misc":{"Written by":"MUBADARAT \u00ae","Est. reading time":"2 minutes"},"schema":{"@context":"https:\/\/schema.org","@graph":[{"@type":"WebPage","@id":"https:\/\/mubadarat-uicn.org\/en\/collaboration-for-climate-change-resilience\/","url":"https:\/\/mubadarat-uicn.org\/en\/collaboration-for-climate-change-resilience\/","name":"Collaboration for climate change resilience - MUBADARAT","isPartOf":{"@id":"https:\/\/mubadarat-uicn.org\/en\/#website"},"datePublished":"2023-03-24T13:10:39+00:00","dateModified":"2023-03-30T14:38:20+00:00","author":{"@id":"https:\/\/mubadarat-uicn.org\/en\/#\/schema\/person\/a6697140a66d30248c9fd809393b5d9c"},"breadcrumb":{"@id":"https:\/\/mubadarat-uicn.org\/en\/collaboration-for-climate-change-resilience\/#breadcrumb"},"inLanguage":"en-US","potentialAction":[{"@type":"ReadAction","target":["https:\/\/mubadarat-uicn.org\/en\/collaboration-for-climate-change-resilience\/"]}]},{"@type":"BreadcrumbList","@id":"https:\/\/mubadarat-uicn.org\/en\/collaboration-for-climate-change-resilience\/#breadcrumb","itemListElement":[{"@type":"ListItem","position":1,"name":"Accueil","item":"https:\/\/mubadarat-uicn.org\/en\/"},{"@type":"ListItem","position":2,"name":"Collaboration for climate change resilience"}]},{"@type":"WebSite","@id":"https:\/\/mubadarat-uicn.org\/en\/#website","url":"https:\/\/mubadarat-uicn.org\/en\/","name":"MUBADARAT","description":"Appui \u00e0 la Soci\u00e9t\u00e9 Civile Nord-Africaine","potentialAction":[{"@type":"SearchAction","target":{"@type":"EntryPoint","urlTemplate":"https:\/\/mubadarat-uicn.org\/en\/?s={search_term_string}"},"query-input":"required name=search_term_string"}],"inLanguage":"en-US"},{"@type":"Person","@id":"https:\/\/mubadarat-uicn.org\/en\/#\/schema\/person\/a6697140a66d30248c9fd809393b5d9c","name":"MUBADARAT \u00ae","image":{"@type":"ImageObject","inLanguage":"en-US","@id":"https:\/\/mubadarat-uicn.org\/en\/#\/schema\/person\/image\/","url":"https:\/\/secure.gravatar.com\/avatar\/2cf87745b203ea140f2d86442c785ee3215de75d8e78c3c23d85a62976795a8e?s=96&d=mm&r=g","contentUrl":"https:\/\/secure.gravatar.com\/avatar\/2cf87745b203ea140f2d86442c785ee3215de75d8e78c3c23d85a62976795a8e?s=96&d=mm&r=g","caption":"MUBADARAT \u00ae"},"sameAs":["http:\/\/dikyqeg.cluster031.hosting.ovh.net"],"url":"https:\/\/mubadarat-uicn.org\/en\/author\/admin9849\/"}]}},"jetpack_featured_media_url":"https:\/\/mubadarat-uicn.org\/wp-content\/uploads\/2023\/03\/pepiniere-2-TUN307-scaled.jpg","jetpack_sharing_enabled":true,"_links":{"self":[{"href":"https:\/\/mubadarat-uicn.org\/en\/wp-json\/wp\/v2\/posts\/5792","targetHints":{"allow":["GET"]}}],"collection":[{"href":"https:\/\/mubadarat-uicn.org\/en\/wp-json\/wp\/v2\/posts"}],"about":[{"href":"https:\/\/mubadarat-uicn.org\/en\/wp-json\/wp\/v2\/types\/post"}],"author":[{"embeddable":true,"href":"https:\/\/mubadarat-uicn.org\/en\/wp-json\/wp\/v2\/users\/1"}],"replies":[{"embeddable":true,"href":"https:\/\/mubadarat-uicn.org\/en\/wp-json\/wp\/v2\/comments?post=5792"}],"version-history":[{"count":0,"href":"https:\/\/mubadarat-uicn.org\/en\/wp-json\/wp\/v2\/posts\/5792\/revisions"}],"wp:featuredmedia":[{"embeddable":true,"href":"https:\/\/mubadarat-uicn.org\/en\/wp-json\/wp\/v2\/media\/5708"}],"wp:attachment":[{"href":"https:\/\/mubadarat-uicn.org\/en\/wp-json\/wp\/v2\/media?parent=5792"}],"wp:term":[{"taxonomy":"category","embeddable":true,"href":"https:\/\/mubadarat-uicn.org\/en\/wp-json\/wp\/v2\/categories?post=5792"},{"taxonomy":"post_tag","embeddable":true,"href":"https:\/\/mubadarat-uicn.org\/en\/wp-json\/wp\/v2\/tags?post=5792"}],"curies":[{"name":"wp","href":"https:\/\/api.w.org\/{rel}","templated":true}]}}